{"id":771,"date":"2022-02-23T20:16:44","date_gmt":"2022-02-23T20:16:44","guid":{"rendered":"https:\/\/gobiernosanmarcos.gob.mx\/?p=771"},"modified":"2022-02-23T20:16:45","modified_gmt":"2022-02-23T20:16:45","slug":"e-el-organigrama-del-sujeto-obligado-con-las-modificaciones-de-cuando-menos-los-ultimos-tres-anos-asi-como-la-plantilla-del-personal-del-sujeto-obligado-con-las-modificaciones-de-cuando-menos-los","status":"publish","type":"post","link":"https:\/\/gobiernosanmarcos.gob.mx\/index.php\/2022\/02\/23\/e-el-organigrama-del-sujeto-obligado-con-las-modificaciones-de-cuando-menos-los-ultimos-tres-anos-asi-como-la-plantilla-del-personal-del-sujeto-obligado-con-las-modificaciones-de-cuando-menos-los\/","title":{"rendered":"e) El organigrama del sujeto obligado, con las modificaciones de cuando menos los \u00faltimos tres a\u00f1os, as\u00ed como la plantilla del personal del sujeto obligado, con las modificaciones de cuando menos los \u00faltimos tres a\u00f1os, en la que se incluya el n\u00famero total de plazas del personal de base, del personal de confianza y las vacantes;"},"content":{"rendered":"","protected":false},"excerpt":{"rendered":"","protected":false},"author":1,"featured_media":0,"comment_status":"open","ping_status":"open","sticky":false,"template":"","format":"standard","meta":{"om_disable_all_campaigns":false,"footnotes":""},"categories":[28],"tags":[],"wf_post_folders":[],"class_list":["post-771","post","type-post","status-publish","format-standard","hentry","category-incisos-art-8-5"],"_links":{"self":[{"href":"https:\/\/gobiernosanmarcos.gob.mx\/index.php\/wp-json\/wp\/v2\/posts\/771","targetHints":{"allow":["GET"]}}],"collection":[{"href":"https:\/\/gobiernosanmarcos.gob.mx\/index.php\/wp-json\/wp\/v2\/posts"}],"about":[{"href":"https:\/\/gobiernosanmarcos.gob.mx\/index.php\/wp-json\/wp\/v2\/types\/post"}],"author":[{"embeddable":true,"href":"https:\/\/gobiernosanmarcos.gob.mx\/index.php\/wp-json\/wp\/v2\/users\/1"}],"replies":[{"embeddable":true,"href":"https:\/\/gobiernosanmarcos.gob.mx\/index.php\/wp-json\/wp\/v2\/comments?post=771"}],"version-history":[{"count":1,"href":"https:\/\/gobiernosanmarcos.gob.mx\/index.php\/wp-json\/wp\/v2\/posts\/771\/revisions"}],"predecessor-version":[{"id":772,"href":"https:\/\/gobiernosanmarcos.gob.mx\/index.php\/wp-json\/wp\/v2\/posts\/771\/revisions\/772"}],"wp:attachment":[{"href":"https:\/\/gobiernosanmarcos.gob.mx\/index.php\/wp-json\/wp\/v2\/media?parent=771"}],"wp:term":[{"taxonomy":"category","embeddable":true,"href":"https:\/\/gobiernosanmarcos.gob.mx\/index.php\/wp-json\/wp\/v2\/categories?post=771"},{"taxonomy":"post_tag","embeddable":true,"href":"https:\/\/gobiernosanmarcos.gob.mx\/index.php\/wp-json\/wp\/v2\/tags?post=771"},{"taxonomy":"wf_post_folders","embeddable":true,"href":"https:\/\/gobiernosanmarcos.gob.mx\/index.php\/wp-json\/wp\/v2\/wf_post_folders?post=771"}],"curies":[{"name":"wp","href":"https:\/\/api.w.org\/{rel}","templated":true}]}}